{"id":2247,"date":"2021-06-08T20:50:01","date_gmt":"2021-06-08T19:50:01","guid":{"rendered":"https:\/\/fundacionmargaritabocio.org\/la-fundacio-ja-esta-a-twiter-i-instagram-gracies-a-un-grup-dalumnes\/"},"modified":"2021-06-09T22:30:14","modified_gmt":"2021-06-09T21:30:14","slug":"la-fundacio-ja-esta-a-twiter-i-instagram-gracies-a-un-grup-dalumnes","status":"publish","type":"post","link":"http:\/\/fundacionmargaritabocio.org\/ca\/la-fundacio-ja-esta-a-twiter-i-instagram-gracies-a-un-grup-dalumnes\/","title":{"rendered":"La Fundaci\u00f3 ja est\u00e0 a Twiter i Instagram gr\u00e0cies a un grup d&#8217;alumnes"},"content":{"rendered":"\n<p>Un grup d&#8217;alumnes de La Salle de Reus (Eduard Ca\u00f1am\u00e1s, Joan Coll, Damian Vel\u00e1squez, Mingle Wang i Pablo Schulte) han fet possible que la Fundaci\u00f3 Margarita Bocio estigui present en <a href=\"https:\/\/twitter.com\/BocioFundacion\">Twiter<\/a> i <a href=\"https:\/\/www.instagram.com\/fundacion.margarita.bocio\/\">Instagram<\/a>. Us animem a seguir-nos tamb\u00e9 des d&#8217;aquests canals.<\/p>\n\n<p>Des de la Fundaci\u00f3 volem agrair a aquests alumnes que hagin volgut dedicar el seu treball d&#8217;Aprenentatge i Servei a ajudar-nos fent difusi\u00f3 de la fundaci\u00f3 a l&#8217;escola i ajudant-nos a obrir aquestes dues noves xarxes socials per fer-nos m\u00e9s presents. Molt\u00edssimes gr\u00e0cies!<\/p>\n\n<figure class=\"wp-block-image size-large\"><img loading=\"lazy\" decoding=\"async\" width=\"1030\" height=\"773\" src=\"https:\/\/fundacionmargaritabocio.org\/wp-content\/uploads\/2021\/06\/1623272173971-1030x773.jpg\" alt=\"\" class=\"wp-image-2250\" srcset=\"http:\/\/fundacionmargaritabocio.org\/wp-content\/uploads\/2021\/06\/1623272173971-1030x773.jpg 1030w, http:\/\/fundacionmargaritabocio.org\/wp-content\/uploads\/2021\/06\/1623272173971-300x225.jpg 300w, http:\/\/fundacionmargaritabocio.org\/wp-content\/uploads\/2021\/06\/1623272173971-768x576.jpg 768w, http:\/\/fundacionmargaritabocio.org\/wp-content\/uploads\/2021\/06\/1623272173971-1536x1152.jpg 1536w, http:\/\/fundacionmargaritabocio.org\/wp-content\/uploads\/2021\/06\/1623272173971-1500x1125.jpg 1500w, http:\/\/fundacionmargaritabocio.org\/wp-content\/uploads\/2021\/06\/1623272173971-705x529.jpg 705w, http:\/\/fundacionmargaritabocio.org\/wp-content\/uploads\/2021\/06\/1623272173971.jpg 2048w\" sizes=\"auto, (max-width: 1030px) 100vw, 1030px\" \/><\/figure>\n\n<figure class=\"wp-block-image size-large\"><img loading=\"lazy\" decoding=\"async\" width=\"1030\" height=\"773\" src=\"https:\/\/fundacionmargaritabocio.org\/wp-content\/uploads\/2021\/06\/IMG_20210609_095340-1030x773.jpg\" alt=\"\" class=\"wp-image-2252\" srcset=\"http:\/\/fundacionmargaritabocio.org\/wp-content\/uploads\/2021\/06\/IMG_20210609_095340-1030x773.jpg 1030w, http:\/\/fundacionmargaritabocio.org\/wp-content\/uploads\/2021\/06\/IMG_20210609_095340-300x225.jpg 300w, http:\/\/fundacionmargaritabocio.org\/wp-content\/uploads\/2021\/06\/IMG_20210609_095340-768x576.jpg 768w, http:\/\/fundacionmargaritabocio.org\/wp-content\/uploads\/2021\/06\/IMG_20210609_095340-1536x1152.jpg 1536w, http:\/\/fundacionmargaritabocio.org\/wp-content\/uploads\/2021\/06\/IMG_20210609_095340-2048x1536.jpg 2048w, http:\/\/fundacionmargaritabocio.org\/wp-content\/uploads\/2021\/06\/IMG_20210609_095340-1500x1125.jpg 1500w, http:\/\/fundacionmargaritabocio.org\/wp-content\/uploads\/2021\/06\/IMG_20210609_095340-705x529.jpg 705w\" sizes=\"auto, (max-width: 1030px) 100vw, 1030px\" \/><\/figure>\n","protected":false},"excerpt":{"rendered":"<p>Un grup d&#8217;alumnes de La Salle de Reus (Eduard Ca\u00f1am\u00e1s, Joan Coll, Damian Vel\u00e1squez, Mingle Wang i Pablo Schulte) han fet possible que la Fundaci\u00f3 Margarita Bocio estigui present en Twiter i Instagram. Us animem a seguir-nos tamb\u00e9 des d&#8217;aquests canals. Des de la Fundaci\u00f3 volem agrair a aquests alumnes que hagin volgut dedicar el [&hellip;]<\/p>\n","protected":false},"author":4,"featured_media":2251,"comment_status":"open","ping_status":"open","sticky":false,"template":"","format":"standard","meta":{"footnotes":""},"categories":[40],"tags":[],"class_list":["post-2247","post","type-post","status-publish","format-standard","has-post-thumbnail","hentry","category-collaboracio-dalumnes"],"_links":{"self":[{"href":"http:\/\/fundacionmargaritabocio.org\/ca\/wp-json\/wp\/v2\/posts\/2247","targetHints":{"allow":["GET"]}}],"collection":[{"href":"http:\/\/fundacionmargaritabocio.org\/ca\/wp-json\/wp\/v2\/posts"}],"about":[{"href":"http:\/\/fundacionmargaritabocio.org\/ca\/wp-json\/wp\/v2\/types\/post"}],"author":[{"embeddable":true,"href":"http:\/\/fundacionmargaritabocio.org\/ca\/wp-json\/wp\/v2\/users\/4"}],"replies":[{"embeddable":true,"href":"http:\/\/fundacionmargaritabocio.org\/ca\/wp-json\/wp\/v2\/comments?post=2247"}],"version-history":[{"count":4,"href":"http:\/\/fundacionmargaritabocio.org\/ca\/wp-json\/wp\/v2\/posts\/2247\/revisions"}],"predecessor-version":[{"id":2258,"href":"http:\/\/fundacionmargaritabocio.org\/ca\/wp-json\/wp\/v2\/posts\/2247\/revisions\/2258"}],"wp:featuredmedia":[{"embeddable":true,"href":"http:\/\/fundacionmargaritabocio.org\/ca\/wp-json\/wp\/v2\/media\/2251"}],"wp:attachment":[{"href":"http:\/\/fundacionmargaritabocio.org\/ca\/wp-json\/wp\/v2\/media?parent=2247"}],"wp:term":[{"taxonomy":"category","embeddable":true,"href":"http:\/\/fundacionmargaritabocio.org\/ca\/wp-json\/wp\/v2\/categories?post=2247"},{"taxonomy":"post_tag","embeddable":true,"href":"http:\/\/fundacionmargaritabocio.org\/ca\/wp-json\/wp\/v2\/tags?post=2247"}],"curies":[{"name":"wp","href":"https:\/\/api.w.org\/{rel}","templated":true}]}}