{"id":2239,"date":"2021-06-08T20:41:56","date_gmt":"2021-06-08T19:41:56","guid":{"rendered":"https:\/\/fundacionmargaritabocio.org\/?p=2239"},"modified":"2021-06-09T21:59:37","modified_gmt":"2021-06-09T20:59:37","slug":"la-fundacion-ya-esta-en-twiter-e-instagram-gracias-a-un-grupo-de-alumnos","status":"publish","type":"post","link":"http:\/\/fundacionmargaritabocio.org\/es\/la-fundacion-ya-esta-en-twiter-e-instagram-gracias-a-un-grupo-de-alumnos\/","title":{"rendered":"La Fundaci\u00f3n ya est\u00e1 en Twiter e Instagram gracias a un grupo de alumnos"},"content":{"rendered":"\n<p>Un grupo de alumnos de La Salle de Reus (Eduard Ca\u00f1am\u00e1s, Joan Coll, Damian Vel\u00e1squez, Mingle Wang y Pablo Schulte) han hecho posible que la Fundaci\u00f3n Margarita Bocio est\u00e9 presente en <a href=\"https:\/\/twitter.com\/BocioFundacion\">Twiter<\/a> e <a href=\"https:\/\/www.instagram.com\/fundacion.margarita.bocio\/\">Instagram<\/a>. Os animamos a seguirnos tambi\u00e9n desde estos canales.<\/p>\n\n\n\n<p>Desde la Fundaci\u00f3n queremos agradecer a estos alumnos que hayan querido dedicar su trabajo de Aprendizaje y Servicio a ayudarnos haciendo difusi\u00f3n de la fundaci\u00f3n en el colegio y ayud\u00e1ndonos a abrir estas dos nuevas redes sociales para hacernos m\u00e1s presentes. \u00a1Much\u00edsimas gracias!<\/p>\n\n\n\n<figure class=\"wp-block-image size-large\"><img loading=\"lazy\" decoding=\"async\" width=\"1030\" height=\"773\" src=\"https:\/\/fundacionmargaritabocio.org\/wp-content\/uploads\/2021\/06\/1623272173971-1030x773.jpg\" alt=\"\" class=\"wp-image-2250\" srcset=\"http:\/\/fundacionmargaritabocio.org\/wp-content\/uploads\/2021\/06\/1623272173971-1030x773.jpg 1030w, http:\/\/fundacionmargaritabocio.org\/wp-content\/uploads\/2021\/06\/1623272173971-300x225.jpg 300w, http:\/\/fundacionmargaritabocio.org\/wp-content\/uploads\/2021\/06\/1623272173971-768x576.jpg 768w, http:\/\/fundacionmargaritabocio.org\/wp-content\/uploads\/2021\/06\/1623272173971-1536x1152.jpg 1536w, http:\/\/fundacionmargaritabocio.org\/wp-content\/uploads\/2021\/06\/1623272173971-1500x1125.jpg 1500w, http:\/\/fundacionmargaritabocio.org\/wp-content\/uploads\/2021\/06\/1623272173971-705x529.jpg 705w, http:\/\/fundacionmargaritabocio.org\/wp-content\/uploads\/2021\/06\/1623272173971.jpg 2048w\" sizes=\"auto, (max-width: 1030px) 100vw, 1030px\" \/><\/figure>\n\n\n\n<figure class=\"wp-block-image size-large\"><img loading=\"lazy\" decoding=\"async\" width=\"1030\" height=\"773\" src=\"https:\/\/fundacionmargaritabocio.org\/wp-content\/uploads\/2021\/06\/IMG_20210609_095340-1030x773.jpg\" alt=\"\" class=\"wp-image-2252\" srcset=\"http:\/\/fundacionmargaritabocio.org\/wp-content\/uploads\/2021\/06\/IMG_20210609_095340-1030x773.jpg 1030w, http:\/\/fundacionmargaritabocio.org\/wp-content\/uploads\/2021\/06\/IMG_20210609_095340-300x225.jpg 300w, http:\/\/fundacionmargaritabocio.org\/wp-content\/uploads\/2021\/06\/IMG_20210609_095340-768x576.jpg 768w, http:\/\/fundacionmargaritabocio.org\/wp-content\/uploads\/2021\/06\/IMG_20210609_095340-1536x1152.jpg 1536w, http:\/\/fundacionmargaritabocio.org\/wp-content\/uploads\/2021\/06\/IMG_20210609_095340-2048x1536.jpg 2048w, http:\/\/fundacionmargaritabocio.org\/wp-content\/uploads\/2021\/06\/IMG_20210609_095340-1500x1125.jpg 1500w, http:\/\/fundacionmargaritabocio.org\/wp-content\/uploads\/2021\/06\/IMG_20210609_095340-705x529.jpg 705w\" sizes=\"auto, (max-width: 1030px) 100vw, 1030px\" \/><\/figure>\n","protected":false},"excerpt":{"rendered":"<p>Un grupo de alumnos de La Salle de Reus (Eduard Ca\u00f1am\u00e1s, Joan Coll, Damian Vel\u00e1squez, Mingle Wang y Pablo Schulte) han hecho posible que la Fundaci\u00f3n Margarita Bocio est\u00e9 presente en Twiter e Instagram. Os animamos a seguirnos tambi\u00e9n desde estos canales. Desde la Fundaci\u00f3n queremos agradecer a estos alumnos que hayan querido dedicar su [&hellip;]<\/p>\n","protected":false},"author":4,"featured_media":2250,"comment_status":"open","ping_status":"open","sticky":false,"template":"","format":"standard","meta":{"footnotes":""},"categories":[39],"tags":[],"class_list":["post-2239","post","type-post","status-publish","format-standard","has-post-thumbnail","hentry","category-colaboracion-de-alumnos"],"_links":{"self":[{"href":"http:\/\/fundacionmargaritabocio.org\/es\/wp-json\/wp\/v2\/posts\/2239","targetHints":{"allow":["GET"]}}],"collection":[{"href":"http:\/\/fundacionmargaritabocio.org\/es\/wp-json\/wp\/v2\/posts"}],"about":[{"href":"http:\/\/fundacionmargaritabocio.org\/es\/wp-json\/wp\/v2\/types\/post"}],"author":[{"embeddable":true,"href":"http:\/\/fundacionmargaritabocio.org\/es\/wp-json\/wp\/v2\/users\/4"}],"replies":[{"embeddable":true,"href":"http:\/\/fundacionmargaritabocio.org\/es\/wp-json\/wp\/v2\/comments?post=2239"}],"version-history":[{"count":5,"href":"http:\/\/fundacionmargaritabocio.org\/es\/wp-json\/wp\/v2\/posts\/2239\/revisions"}],"predecessor-version":[{"id":2255,"href":"http:\/\/fundacionmargaritabocio.org\/es\/wp-json\/wp\/v2\/posts\/2239\/revisions\/2255"}],"wp:featuredmedia":[{"embeddable":true,"href":"http:\/\/fundacionmargaritabocio.org\/es\/wp-json\/wp\/v2\/media\/2250"}],"wp:attachment":[{"href":"http:\/\/fundacionmargaritabocio.org\/es\/wp-json\/wp\/v2\/media?parent=2239"}],"wp:term":[{"taxonomy":"category","embeddable":true,"href":"http:\/\/fundacionmargaritabocio.org\/es\/wp-json\/wp\/v2\/categories?post=2239"},{"taxonomy":"post_tag","embeddable":true,"href":"http:\/\/fundacionmargaritabocio.org\/es\/wp-json\/wp\/v2\/tags?post=2239"}],"curies":[{"name":"wp","href":"https:\/\/api.w.org\/{rel}","templated":true}]}}