{"id":584,"date":"2017-04-13T23:28:00","date_gmt":"2017-04-13T22:28:00","guid":{"rendered":""},"modified":"2021-04-03T23:07:43","modified_gmt":"2021-04-03T22:07:43","slug":"un-grupo-de-alumnas-de-la-salle-de-reus-nos-ayudan-a-hacer-difusion-de-la-fundacion","status":"publish","type":"post","link":"http:\/\/fundacionmargaritabocio.org\/es\/un-grupo-de-alumnas-de-la-salle-de-reus-nos-ayudan-a-hacer-difusion-de-la-fundacion\/","title":{"rendered":"Un grupo de alumnas de La Salle de Reus nos ayudan a hacer difusi\u00f3n de la Fundaci\u00f3n"},"content":{"rendered":"<p>Un grupo de cinco alumnas de La Salle de Reus (Laia Tobias, Anna Clivill\u00e9, Laia Jim\u00e9nez, Mar Guarque y Laura Gonz\u00e1lez) se han propuesto en su trabajo de \u00abAprenentatge-Servei\u00bb de 4\u00ba de ESO ayudar a promocionar la Fundaci\u00f3n y han conseguido que se publicara una noticia sobre la Fundaci\u00f3n en el Diari de Tarragona.<\/p>\n<p>\u00a1Muchas gracias!<\/p>\n<div style=\"clear: both; text-align: center;\"><a href=\"http:\/\/fundacionmargaritabocio.org\/wp-content\/uploads\/2017\/04\/DiariTGN-2B10-2Bmarzo-2B2017.jpg\" style=\"margin-left: 1em; margin-right: 1em;\"><img loading=\"lazy\" decoding=\"async\" border=\"0\" height=\"640\" src=\"http:\/\/fundacionmargaritabocio.org\/wp-content\/uploads\/2017\/04\/DiariTGN-2B10-2Bmarzo-2B2017-223x300.jpg\" width=\"475\"><\/a><\/div>\n","protected":false},"excerpt":{"rendered":"<p>Un grupo de cinco alumnas de La Salle de Reus (Laia Tobias, Anna Clivill\u00e9, Laia Jim\u00e9nez, Mar Guarque y Laura Gonz\u00e1lez) se han propuesto en su trabajo de \u00abAprenentatge-Servei\u00bb de 4\u00ba de ESO ayudar a promocionar la Fundaci\u00f3n y han conseguido que se publicara una noticia sobre la Fundaci\u00f3n en el Diari de Tarragona. \u00a1Muchas [&hellip;]<\/p>\n","protected":false},"author":3,"featured_media":647,"comment_status":"open","ping_status":"open","sticky":false,"template":"","format":"standard","meta":{"footnotes":""},"categories":[39,28],"tags":[],"class_list":["post-584","post","type-post","status-publish","format-standard","has-post-thumbnail","hentry","category-colaboracion-de-alumnos","category-prensa"],"_links":{"self":[{"href":"http:\/\/fundacionmargaritabocio.org\/es\/wp-json\/wp\/v2\/posts\/584","targetHints":{"allow":["GET"]}}],"collection":[{"href":"http:\/\/fundacionmargaritabocio.org\/es\/wp-json\/wp\/v2\/posts"}],"about":[{"href":"http:\/\/fundacionmargaritabocio.org\/es\/wp-json\/wp\/v2\/types\/post"}],"author":[{"embeddable":true,"href":"http:\/\/fundacionmargaritabocio.org\/es\/wp-json\/wp\/v2\/users\/3"}],"replies":[{"embeddable":true,"href":"http:\/\/fundacionmargaritabocio.org\/es\/wp-json\/wp\/v2\/comments?post=584"}],"version-history":[{"count":2,"href":"http:\/\/fundacionmargaritabocio.org\/es\/wp-json\/wp\/v2\/posts\/584\/revisions"}],"predecessor-version":[{"id":1744,"href":"http:\/\/fundacionmargaritabocio.org\/es\/wp-json\/wp\/v2\/posts\/584\/revisions\/1744"}],"wp:featuredmedia":[{"embeddable":true,"href":"http:\/\/fundacionmargaritabocio.org\/es\/wp-json\/wp\/v2\/media\/647"}],"wp:attachment":[{"href":"http:\/\/fundacionmargaritabocio.org\/es\/wp-json\/wp\/v2\/media?parent=584"}],"wp:term":[{"taxonomy":"category","embeddable":true,"href":"http:\/\/fundacionmargaritabocio.org\/es\/wp-json\/wp\/v2\/categories?post=584"},{"taxonomy":"post_tag","embeddable":true,"href":"http:\/\/fundacionmargaritabocio.org\/es\/wp-json\/wp\/v2\/tags?post=584"}],"curies":[{"name":"wp","href":"https:\/\/api.w.org\/{rel}","templated":true}]}}