{"id":1797,"date":"2014-08-31T23:43:07","date_gmt":"2014-08-31T22:43:07","guid":{"rendered":"http:\/\/fundacionmargaritabocio.org\/al-2014-mes-de-17-500e-donats-en-ajudes\/"},"modified":"2021-04-05T20:22:06","modified_gmt":"2021-04-05T19:22:06","slug":"al-2014-mes-de-17-500e-donats-en-ajudes","status":"publish","type":"post","link":"https:\/\/fundacionmargaritabocio.org\/ca\/al-2014-mes-de-17-500e-donats-en-ajudes\/","title":{"rendered":"Al 2014 m\u00e9s de 17.500\u20ac donats en ajudes!"},"content":{"rendered":"<div>Als set primers mesos de 2014 hem donat <b>17.510,94 \u20ac<\/b>en ajudes que es desglossen de la seg\u00fcent manera:<\/div>\n<div><\/div>\n<div style=\"margin-left: 36.0pt; mso-list: l0 level1 lfo1; text-indent: -18.0pt;\"><!-- [if !supportLists]-->&#8211;<span style=\"font-size: 7pt;\">&nbsp;&nbsp;&nbsp;&nbsp;&nbsp;&nbsp;&nbsp;<\/span><!--[endif]--><b>4.690,08 \u20ac a C\u00e0ritas Sant Joan<\/b> <b>de Reus<\/b>amb les entregues setmanals dels ous i el pollastre, m\u00e9s la llet de complement i les farinetes que vam iniciar al mes de maig.<\/div>\n<div style=\"margin-left: 36.0pt; mso-list: l0 level1 lfo1; text-indent: -18.0pt;\"><!-- [if !supportLists]-->&#8211;<span style=\"font-size: 7pt;\">&nbsp;&nbsp;&nbsp;&nbsp;&nbsp;&nbsp;&nbsp;<\/span><!--[endif]--><b>4.000 \u20ac a l&#8217;Escola Miseric\u00f2rdia de Reus <\/b>fent-nos c\u00e0rrec, a principi d\u2019any, de deutes antics de fam\u00edlies que ho estan passant malament i ara ajudant a m\u00e9s de 40 alumnes en la compra de llibres i material escolar.<\/div>\n<div style=\"margin-left: 36.0pt; mso-list: l0 level1 lfo1; text-indent: -18.0pt;\"><!-- [if !supportLists]-->&#8211;<span style=\"font-size: 7pt;\">&nbsp;&nbsp;&nbsp;&nbsp;&nbsp;&nbsp;&nbsp;<\/span><!--[endif]--><b>3.920 \u20ac a la Fundaci\u00f3 Moss\u00e8n Frederic Bar\u00e0 Cortiella<\/b>, amb dos entregues puntuals que vam fer a principi d\u2019any per la compra de material i amb 450\u20ac mensuals que paguem des d\u2019abril al projecte de \u201cl\u2019educador al carrer\u201d.<\/div>\n<div style=\"margin-left: 36.0pt; mso-list: l0 level1 lfo1; text-indent: -18.0pt;\"><!-- [if !supportLists]-->&#8211;<span style=\"font-size: 7pt;\">&nbsp;&nbsp;&nbsp;&nbsp;&nbsp;&nbsp;&nbsp; <\/span><!--[endif]--><b>2.896,13 \u20ac al Colegio Rubi\u00f3 i Ors de Reus<\/b>. Aquest proper curs hem ajudat a un total de 200 alumnes, aproximadament, a reduir el cost total de la compra dels llibres.<\/div>\n<div style=\"margin-left: 36.0pt; mso-list: l0 level1 lfo1; text-indent: -18.0pt;\"><!-- [if !supportLists]-->&#8211;<span style=\"font-size: 7pt;\">&nbsp;&nbsp;&nbsp;&nbsp;&nbsp;&nbsp;&nbsp;<\/span><!--[endif]--><b>2.004,73 \u20acd\u2019ajudes particulars diverses<\/b> que han arribat i s\u2019han at\u00e8s (fins ara, totes).<\/div>\n<div><\/div>\n<div>Si vols col\u00b7laborar pots fer un donatiu a trav\u00e9s de la nostra p\u00e0gina web: <a href=\"http:\/\/www.fundacionmargaritabocio.org\/\">http:\/\/www.fundacionmargaritabocio.org\/<\/a>o posar-te en contacte amb nosaltres: <span lang=\"CA\"><a href=\"mailto:info@fundacionmargaritabocio.org\">info@fundacionmargaritabocio.org<\/a><\/span>.<\/div>\n<div><\/div>\n<div style=\"clear: both; text-align: center;\"><a style=\"margin-left: 1em; margin-right: 1em;\" href=\"http:\/\/3.bp.blogspot.com\/-qE5GHw5yWYo\/VANiUYOhVbI\/AAAAAAAAAK8\/V9JBM84WdXc\/s1600\/foto%2Bpagina.jpg\"><img loading=\"lazy\" decoding=\"async\" src=\"http:\/\/3.bp.blogspot.com\/-qE5GHw5yWYo\/VANiUYOhVbI\/AAAAAAAAAK8\/V9JBM84WdXc\/s1600\/foto%2Bpagina.jpg\" width=\"400\" height=\"297\" border=\"0\"><\/a><\/div>\n<div><\/div>\n<div>Gr\u00e0cies per fer-ho possible!<\/div>\n","protected":false},"excerpt":{"rendered":"<p>Als set primers mesos de 2014 hem donat 17.510,94 \u20acen ajudes que es desglossen de la seg\u00fcent manera: &#8211;&nbsp;&nbsp;&nbsp;&nbsp;&nbsp;&nbsp;&nbsp;4.690,08 \u20ac a C\u00e0ritas Sant Joan de Reusamb les entregues setmanals dels ous i el pollastre, m\u00e9s la llet de complement i les farinetes que vam iniciar al mes de maig. &#8211;&nbsp;&nbsp;&nbsp;&nbsp;&nbsp;&nbsp;&nbsp;4.000 \u20ac a l&#8217;Escola Miseric\u00f2rdia de [&hellip;]<\/p>\n","protected":false},"author":3,"featured_media":1603,"comment_status":"open","ping_status":"open","sticky":false,"template":"","format":"standard","meta":{"footnotes":""},"categories":[34],"tags":[],"class_list":["post-1797","post","type-post","status-publish","format-standard","has-post-thumbnail","hentry","category-ajudes"],"_links":{"self":[{"href":"https:\/\/fundacionmargaritabocio.org\/ca\/wp-json\/wp\/v2\/posts\/1797","targetHints":{"allow":["GET"]}}],"collection":[{"href":"https:\/\/fundacionmargaritabocio.org\/ca\/wp-json\/wp\/v2\/posts"}],"about":[{"href":"https:\/\/fundacionmargaritabocio.org\/ca\/wp-json\/wp\/v2\/types\/post"}],"author":[{"embeddable":true,"href":"https:\/\/fundacionmargaritabocio.org\/ca\/wp-json\/wp\/v2\/users\/3"}],"replies":[{"embeddable":true,"href":"https:\/\/fundacionmargaritabocio.org\/ca\/wp-json\/wp\/v2\/comments?post=1797"}],"version-history":[{"count":1,"href":"https:\/\/fundacionmargaritabocio.org\/ca\/wp-json\/wp\/v2\/posts\/1797\/revisions"}],"predecessor-version":[{"id":1993,"href":"https:\/\/fundacionmargaritabocio.org\/ca\/wp-json\/wp\/v2\/posts\/1797\/revisions\/1993"}],"wp:featuredmedia":[{"embeddable":true,"href":"https:\/\/fundacionmargaritabocio.org\/ca\/wp-json\/wp\/v2\/media\/1603"}],"wp:attachment":[{"href":"https:\/\/fundacionmargaritabocio.org\/ca\/wp-json\/wp\/v2\/media?parent=1797"}],"wp:term":[{"taxonomy":"category","embeddable":true,"href":"https:\/\/fundacionmargaritabocio.org\/ca\/wp-json\/wp\/v2\/categories?post=1797"},{"taxonomy":"post_tag","embeddable":true,"href":"https:\/\/fundacionmargaritabocio.org\/ca\/wp-json\/wp\/v2\/tags?post=1797"}],"curies":[{"name":"wp","href":"https:\/\/api.w.org\/{rel}","templated":true}]}}