{"id":1798,"date":"2014-07-12T23:46:39","date_gmt":"2014-07-12T22:46:39","guid":{"rendered":"http:\/\/fundacionmargaritabocio.org\/seguim\/"},"modified":"2021-04-05T20:23:02","modified_gmt":"2021-04-05T19:23:02","slug":"seguim","status":"publish","type":"post","link":"https:\/\/fundacionmargaritabocio.org\/ca\/seguim\/","title":{"rendered":"Seguim&#8230;"},"content":{"rendered":"<div>Continuem ajudant&#8230;<\/p>\n<\/div>\n<div><\/div>\n<div style=\"margin-left: 36.0pt; mso-list: l0 level1 lfo1; tab-stops: list 36.0pt; text-indent: -18.0pt;\"><!--[if !supportLists]-->&#8211;<span style=\"font-size: 9px;\">&nbsp; &nbsp; &nbsp;&nbsp;<\/span>Seguim col\u00b7laborant amb <b>C\u00e0ritas de Sant Joan de Reus<\/b>amb l\u2019aportaci\u00f3 de 40 kg de pollastre i 30 dotzenes d\u2019ous setmanals i hem sumat a l\u2019aportaci\u00f3 setmanal llet de continuaci\u00f3 i farinetes. Tot aix\u00f2 per uns <b>800\u20ac\/mes.<\/b><\/p>\n<\/div>\n<div style=\"margin-left: 18.0pt;\">\n<div style=\"clear: both; text-align: center;\"><a href=\"http:\/\/4.bp.blogspot.com\/-7F547hYorWg\/U9paiJTsyvI\/AAAAAAAAAKs\/n0h8AskyTi4\/s1600\/IMG-20140731-WA0002.jpg\" style=\"margin-left: 1em; margin-right: 1em;\"><img loading=\"lazy\" decoding=\"async\" border=\"0\" src=\"http:\/\/4.bp.blogspot.com\/-7F547hYorWg\/U9paiJTsyvI\/AAAAAAAAAKs\/n0h8AskyTi4\/s1600\/IMG-20140731-WA0002.jpg\" height=\"300\" width=\"400\"><\/a><\/div>\n<\/div>\n<div style=\"margin-left: 36.0pt; mso-list: l0 level1 lfo1; tab-stops: list 36.0pt; text-indent: -18.0pt;\"><!--[if !supportLists]-->&#8211;<span style=\"font-size: 7pt;\">&nbsp; &nbsp; &nbsp;<\/span>Hem col\u00b7laborat amb <b>C\u00e0ritas Interparroquial de Reus<\/b> ajudant a diferents fam\u00edlies a pagar els llibres de text.<\/p>\n<\/div>\n<div><\/div>\n<div style=\"margin-left: 36.0pt; mso-list: l0 level1 lfo1; tab-stops: list 36.0pt; text-indent: -18.0pt;\"><!--[if !supportLists]-->&#8211;<span style=\"font-size: 7pt;\">&nbsp; &nbsp; &nbsp; <\/span>Hem col\u00b7laborat amb la <b>Fundaci\u00f3 Moss\u00e8n Frederic Bara Cortiella de Reus<\/b> &nbsp;&nbsp;assumint el cost d\u2019augmentar en 6 hores setmanals la jornada de la treballadora social\/educadora de la Fundaci\u00f3. Aquesta Fundaci\u00f3 at\u00e9n di\u00e0riament a 65 nens de Reus entre els 4 i els 14 anys, els donen de berenar i despr\u00e9s els entretenen, fins un total de dues hores, fent diferents activitats, tant formatives com d\u2019estudi i oci. Aix\u00f2 suposa <b>450\u20ac\/mes.<\/b><\/p>\n<\/div>\n<div style=\"margin-left: 0cm;\"><\/div>\n<div style=\"margin-left: 36.0pt; mso-list: l0 level1 lfo1; tab-stops: list 36.0pt; text-indent: -18.0pt;\"><\/div>\n<div>Gr\u00e0cies per fer-ho possible!<\/p>\n<\/div>\n","protected":false},"excerpt":{"rendered":"<p>Continuem ajudant&#8230; &#8211;&nbsp; &nbsp; &nbsp;&nbsp;Seguim col\u00b7laborant amb C\u00e0ritas de Sant Joan de Reusamb l\u2019aportaci\u00f3 de 40 kg de pollastre i 30 dotzenes d\u2019ous setmanals i hem sumat a l\u2019aportaci\u00f3 setmanal llet de continuaci\u00f3 i farinetes. Tot aix\u00f2 per uns 800\u20ac\/mes. &#8211;&nbsp; &nbsp; &nbsp;Hem col\u00b7laborat amb C\u00e0ritas Interparroquial de Reus ajudant a diferents fam\u00edlies a pagar [&hellip;]<\/p>\n","protected":false},"author":3,"featured_media":1608,"comment_status":"open","ping_status":"open","sticky":false,"template":"","format":"standard","meta":{"footnotes":""},"categories":[34],"tags":[],"class_list":["post-1798","post","type-post","status-publish","format-standard","has-post-thumbnail","hentry","category-ajudes"],"_links":{"self":[{"href":"https:\/\/fundacionmargaritabocio.org\/ca\/wp-json\/wp\/v2\/posts\/1798","targetHints":{"allow":["GET"]}}],"collection":[{"href":"https:\/\/fundacionmargaritabocio.org\/ca\/wp-json\/wp\/v2\/posts"}],"about":[{"href":"https:\/\/fundacionmargaritabocio.org\/ca\/wp-json\/wp\/v2\/types\/post"}],"author":[{"embeddable":true,"href":"https:\/\/fundacionmargaritabocio.org\/ca\/wp-json\/wp\/v2\/users\/3"}],"replies":[{"embeddable":true,"href":"https:\/\/fundacionmargaritabocio.org\/ca\/wp-json\/wp\/v2\/comments?post=1798"}],"version-history":[{"count":2,"href":"https:\/\/fundacionmargaritabocio.org\/ca\/wp-json\/wp\/v2\/posts\/1798\/revisions"}],"predecessor-version":[{"id":2052,"href":"https:\/\/fundacionmargaritabocio.org\/ca\/wp-json\/wp\/v2\/posts\/1798\/revisions\/2052"}],"wp:featuredmedia":[{"embeddable":true,"href":"https:\/\/fundacionmargaritabocio.org\/ca\/wp-json\/wp\/v2\/media\/1608"}],"wp:attachment":[{"href":"https:\/\/fundacionmargaritabocio.org\/ca\/wp-json\/wp\/v2\/media?parent=1798"}],"wp:term":[{"taxonomy":"category","embeddable":true,"href":"https:\/\/fundacionmargaritabocio.org\/ca\/wp-json\/wp\/v2\/categories?post=1798"},{"taxonomy":"post_tag","embeddable":true,"href":"https:\/\/fundacionmargaritabocio.org\/ca\/wp-json\/wp\/v2\/tags?post=1798"}],"curies":[{"name":"wp","href":"https:\/\/api.w.org\/{rel}","templated":true}]}}