{"id":1799,"date":"2014-03-31T23:52:30","date_gmt":"2014-03-31T22:52:30","guid":{"rendered":"http:\/\/fundacionmargaritabocio.org\/continuem-ajudant\/"},"modified":"2021-04-05T20:23:24","modified_gmt":"2021-04-05T19:23:24","slug":"continuem-ajudant","status":"publish","type":"post","link":"https:\/\/fundacionmargaritabocio.org\/ca\/continuem-ajudant\/","title":{"rendered":"Continuem ajudant&#8230;"},"content":{"rendered":"<div>\u00daltimes ajudes de La Fundaci\u00f3n Margarita Bocio:<\/p>\n<\/div>\n<div><\/div>\n<div style=\"margin-left: 36.0pt; mso-list: l0 level1 lfo1; tab-stops: list 36.0pt; text-indent: -18.0pt;\"><!--[if !supportLists]-->&#8211;<span style=\"font-size: 7pt;\">&nbsp; &nbsp; &nbsp; &nbsp;<\/span><!--[endif]-->Hem ajudat a adquirir llibres i material escola a 58 nens de &nbsp;31 fam\u00edlies amb precarietat socioecon\u00f2mica i laboral de<b> l&#8217;Escola Miseric\u00f2rdia de Reus<\/b>: <b>2000\u20ac<\/b><\/p>\n<\/div>\n<div style=\"margin-left: 18.0pt;\"><\/div>\n<div style=\"margin-left: 36.0pt; mso-list: l0 level1 lfo1; tab-stops: list 36.0pt; text-indent: -18.0pt;\"><!--[if !supportLists]-->&#8211;<span style=\"font-size: 7pt;\">&nbsp; &nbsp; &nbsp; &nbsp;<\/span><!--[endif]-->Hem col\u00b7laborat amb <b>C\u00e0ritas Interparroquial de Reus<\/b> ajudant a una fam\u00edlia a pagar els llibre i el material escolar dels seus dos fills: <b>400\u20ac <\/b><\/p>\n<\/div>\n<div><\/div>\n<div style=\"margin-left: 36.0pt; mso-list: l0 level1 lfo1; tab-stops: list 36.0pt; text-indent: -18.0pt;\"><!--[if !supportLists]-->&#8211;<span style=\"font-size: 7pt;\">&nbsp; &nbsp; &nbsp; &nbsp;<\/span><!--[endif]-->Hem col\u00b7laborat amb la <b>Fundaci\u00f3 Moss\u00e8n Frederic Bara Cortiella de Reus<\/b> &nbsp;amb material per al seu Centre Obert (at\u00e9n a uns 65 nens) i amb algunes de les despeses del Casal d\u2019estiu al que assistiran uns 50 nens sense recursos: <b>2120\u20ac<\/b><\/p>\n<\/div>\n<div><\/div>\n<div style=\"margin-left: 36.0pt; mso-list: l0 level1 lfo1; tab-stops: list 36.0pt; text-indent: -18.0pt;\"><!--[if !supportLists]-->&#8211;<span style=\"font-size: 7pt;\">&nbsp; &nbsp; &nbsp; &nbsp;<\/span><!--[endif]-->Hem ates una petici\u00f3 de <b>l&#8217;EAP de Tarragona<\/b>per comprar els llibres a una alumna de 2n de BAT sense recursos.<\/p>\n<\/div>\n<div><\/div>\n<div>Amb la vostra col\u00b7laboraci\u00f3 esperem poder seguir posant el nostre granet de sorra, moltes gr\u00e0cies!<\/p>\n<\/div>\n<div>\n<p>&nbsp;<\/p>\n<p><span style=\"text-align: center;\">&nbsp;<\/span><\/p>\n<\/div>\n<div>\n<div style=\"clear: both; text-align: center;\"><a href=\"http:\/\/2.bp.blogspot.com\/-94b3us8f3fc\/UznUKhVT2wI\/AAAAAAAAAJw\/chFG7sK_rXc\/s1600\/Frederic+bara.png\" style=\"margin-left: 1em; margin-right: 1em;\"><img decoding=\"async\" border=\"0\" src=\"http:\/\/2.bp.blogspot.com\/-94b3us8f3fc\/UznUKhVT2wI\/AAAAAAAAAJw\/chFG7sK_rXc\/s1600\/Frederic+bara.png\"><\/a><a href=\"http:\/\/2.bp.blogspot.com\/-Ain-4l2SlRM\/UznUJyy_MnI\/AAAAAAAAAJo\/8CVCj3l-Q7Y\/s1600\/caritas.png\" style=\"margin-left: 1em; margin-right: 1em;\"><img decoding=\"async\" border=\"0\" src=\"http:\/\/2.bp.blogspot.com\/-Ain-4l2SlRM\/UznUJyy_MnI\/AAAAAAAAAJo\/8CVCj3l-Q7Y\/s1600\/caritas.png\"><\/a><\/div>\n<\/div>\n<div><\/div>\n<div><\/div>\n<div><\/div>\n","protected":false},"excerpt":{"rendered":"<p>\u00daltimes ajudes de La Fundaci\u00f3n Margarita Bocio: &#8211;&nbsp; &nbsp; &nbsp; &nbsp;Hem ajudat a adquirir llibres i material escola a 58 nens de &nbsp;31 fam\u00edlies amb precarietat socioecon\u00f2mica i laboral de l&#8217;Escola Miseric\u00f2rdia de Reus: 2000\u20ac &#8211;&nbsp; &nbsp; &nbsp; &nbsp;Hem col\u00b7laborat amb C\u00e0ritas Interparroquial de Reus ajudant a una fam\u00edlia a pagar els llibre i el [&hellip;]<\/p>\n","protected":false},"author":3,"featured_media":1611,"comment_status":"open","ping_status":"open","sticky":false,"template":"","format":"standard","meta":{"footnotes":""},"categories":[34],"tags":[],"class_list":["post-1799","post","type-post","status-publish","format-standard","has-post-thumbnail","hentry","category-ajudes"],"_links":{"self":[{"href":"https:\/\/fundacionmargaritabocio.org\/ca\/wp-json\/wp\/v2\/posts\/1799","targetHints":{"allow":["GET"]}}],"collection":[{"href":"https:\/\/fundacionmargaritabocio.org\/ca\/wp-json\/wp\/v2\/posts"}],"about":[{"href":"https:\/\/fundacionmargaritabocio.org\/ca\/wp-json\/wp\/v2\/types\/post"}],"author":[{"embeddable":true,"href":"https:\/\/fundacionmargaritabocio.org\/ca\/wp-json\/wp\/v2\/users\/3"}],"replies":[{"embeddable":true,"href":"https:\/\/fundacionmargaritabocio.org\/ca\/wp-json\/wp\/v2\/comments?post=1799"}],"version-history":[{"count":2,"href":"https:\/\/fundacionmargaritabocio.org\/ca\/wp-json\/wp\/v2\/posts\/1799\/revisions"}],"predecessor-version":[{"id":2053,"href":"https:\/\/fundacionmargaritabocio.org\/ca\/wp-json\/wp\/v2\/posts\/1799\/revisions\/2053"}],"wp:featuredmedia":[{"embeddable":true,"href":"https:\/\/fundacionmargaritabocio.org\/ca\/wp-json\/wp\/v2\/media\/1611"}],"wp:attachment":[{"href":"https:\/\/fundacionmargaritabocio.org\/ca\/wp-json\/wp\/v2\/media?parent=1799"}],"wp:term":[{"taxonomy":"category","embeddable":true,"href":"https:\/\/fundacionmargaritabocio.org\/ca\/wp-json\/wp\/v2\/categories?post=1799"},{"taxonomy":"post_tag","embeddable":true,"href":"https:\/\/fundacionmargaritabocio.org\/ca\/wp-json\/wp\/v2\/tags?post=1799"}],"curies":[{"name":"wp","href":"https:\/\/api.w.org\/{rel}","templated":true}]}}