{"id":2716,"date":"2023-05-30T22:51:37","date_gmt":"2023-05-30T21:51:37","guid":{"rendered":"http:\/\/fundacionmargaritabocio.org\/un-grup-de-alumnes-de-la-salle-reus-collabora-amb-nosaltres\/"},"modified":"2023-05-30T22:51:37","modified_gmt":"2023-05-30T21:51:37","slug":"un-grup-de-alumnes-de-la-salle-reus-collabora-amb-nosaltres","status":"publish","type":"post","link":"https:\/\/fundacionmargaritabocio.org\/ca\/un-grup-de-alumnes-de-la-salle-reus-collabora-amb-nosaltres\/","title":{"rendered":"Un grup de alumnes de La Salle Reus col\u00b7labora amb nosaltres"},"content":{"rendered":"\n<pre id=\"tw-target-text\" class=\"wp-block-preformatted\">Un grup d'alumnes de La Salle Reus (Irene Font, Bea Montal\u00e0, Ania Ramos i Gisela Rodr\u00edguez) han col\u00b7laborat amb la Fundaci\u00f3 amb la venda de polseres dissenyades per elles mateixes. En total van vendre 200 polseres amb un benefici de 300\u20ac. Van vendre les polseres, durant horari escolar, als alumnes de les classes d'Educaci\u00f3 Prim\u00e0ria i de l'ESO de l'escola, tots els diners recaptats aniran destinats a la Fundaci\u00f3.<\/pre>\n<div class=\"wp-block-image\">\n<figure class=\"aligncenter size-large\"><img loading=\"lazy\" decoding=\"async\" width=\"579\" height=\"1030\" src=\"http:\/\/fundacionmargaritabocio.org\/wp-content\/uploads\/2023\/05\/IMG_8413-1-579x1030.png\" alt=\"\" class=\"wp-image-2710\" srcset=\"https:\/\/fundacionmargaritabocio.org\/wp-content\/uploads\/2023\/05\/IMG_8413-1-579x1030.png 579w, https:\/\/fundacionmargaritabocio.org\/wp-content\/uploads\/2023\/05\/IMG_8413-1-169x300.png 169w, https:\/\/fundacionmargaritabocio.org\/wp-content\/uploads\/2023\/05\/IMG_8413-1-396x705.png 396w, https:\/\/fundacionmargaritabocio.org\/wp-content\/uploads\/2023\/05\/IMG_8413-1.png 750w\" sizes=\"auto, (max-width: 579px) 100vw, 579px\" \/><\/figure>\n<\/div>","protected":false},"excerpt":{"rendered":"<p>Un grup d&#8217;alumnes de La Salle Reus (Irene Font, Bea Montal\u00e0, Ania Ramos i Gisela Rodr\u00edguez) han col\u00b7laborat amb la Fundaci\u00f3 amb la venda de polseres dissenyades per elles mateixes. En total van vendre 200 polseres amb un benefici de 300\u20ac. Van vendre les polseres, durant horari escolar, als alumnes de les classes d&#8217;Educaci\u00f3 Prim\u00e0ria [&hellip;]<\/p>\n","protected":false},"author":4,"featured_media":2714,"comment_status":"open","ping_status":"open","sticky":false,"template":"","format":"standard","meta":{"footnotes":""},"categories":[40],"tags":[],"class_list":["post-2716","post","type-post","status-publish","format-standard","has-post-thumbnail","hentry","category-collaboracio-dalumnes"],"_links":{"self":[{"href":"https:\/\/fundacionmargaritabocio.org\/ca\/wp-json\/wp\/v2\/posts\/2716","targetHints":{"allow":["GET"]}}],"collection":[{"href":"https:\/\/fundacionmargaritabocio.org\/ca\/wp-json\/wp\/v2\/posts"}],"about":[{"href":"https:\/\/fundacionmargaritabocio.org\/ca\/wp-json\/wp\/v2\/types\/post"}],"author":[{"embeddable":true,"href":"https:\/\/fundacionmargaritabocio.org\/ca\/wp-json\/wp\/v2\/users\/4"}],"replies":[{"embeddable":true,"href":"https:\/\/fundacionmargaritabocio.org\/ca\/wp-json\/wp\/v2\/comments?post=2716"}],"version-history":[{"count":1,"href":"https:\/\/fundacionmargaritabocio.org\/ca\/wp-json\/wp\/v2\/posts\/2716\/revisions"}],"predecessor-version":[{"id":2717,"href":"https:\/\/fundacionmargaritabocio.org\/ca\/wp-json\/wp\/v2\/posts\/2716\/revisions\/2717"}],"wp:featuredmedia":[{"embeddable":true,"href":"https:\/\/fundacionmargaritabocio.org\/ca\/wp-json\/wp\/v2\/media\/2714"}],"wp:attachment":[{"href":"https:\/\/fundacionmargaritabocio.org\/ca\/wp-json\/wp\/v2\/media?parent=2716"}],"wp:term":[{"taxonomy":"category","embeddable":true,"href":"https:\/\/fundacionmargaritabocio.org\/ca\/wp-json\/wp\/v2\/categories?post=2716"},{"taxonomy":"post_tag","embeddable":true,"href":"https:\/\/fundacionmargaritabocio.org\/ca\/wp-json\/wp\/v2\/tags?post=2716"}],"curies":[{"name":"wp","href":"https:\/\/api.w.org\/{rel}","templated":true}]}}