{"id":575,"date":"2019-12-31T16:59:00","date_gmt":"2019-12-31T15:59:00","guid":{"rendered":""},"modified":"2021-04-03T23:11:04","modified_gmt":"2021-04-03T22:11:04","slug":"la-fundacion-margarita-bocio-en-un-trabajo-de-investigacion","status":"publish","type":"post","link":"https:\/\/fundacionmargaritabocio.org\/es\/la-fundacion-margarita-bocio-en-un-trabajo-de-investigacion\/","title":{"rendered":"La Fundaci\u00f3n Margarita Bocio en un trabajo de investigaci\u00f3n"},"content":{"rendered":"<div>Durante el curso 2019-20 una alumna del Institut Vila-seca, Lidia Bouso\u00f1o, ha querido aumentar el valor de la realizaci\u00f3n de su \u00abtreball de recerca\u00bb. Este trabajo consiste en la realizaci\u00f3 de una investigaci\u00f3n sobre un tema, generalmente del inter\u00e9s del propio alumno. Lidia ha querido hacer su trabajo sobre los derechos humanos, i m\u00e1s concretamente sobre el derecho de los ni\u00f1os. Por este motivo, su trabajo tiene como t\u00edtulo: \u00abLos ni\u00f1os, nuestra prioridad\u00bb Seg\u00fan palabras de la propia autora del trabajo, \u00abLos ni\u00f1os [&#8230;] me aportan felicidad y me ayudan a ver la vida de una manera diferente, con m\u00e1s imaginaci\u00f3n y sin tantas preocupaciones\u00bb, y explica que su aspiraci\u00f3n es \u00abayudar y aportar mi granito de arena para ayudar a aquellos ni\u00f1os que no tienen todas las oportunidades que necesitan\u00bb.&nbsp;<o:p><\/o:p><\/div>\n<div><\/div>\n<div style=\"clear: both; text-align: center;\"><a href=\"http:\/\/fundacionmargaritabocio.org\/wp-content\/uploads\/2019\/12\/IMG-20191220-WA0015.jpg\" style=\"margin-left: 1em; margin-right: 1em;\"><img loading=\"lazy\" decoding=\"async\" border=\"0\" data-original-height=\"1600\" data-original-width=\"1200\" height=\"400\" src=\"http:\/\/fundacionmargaritabocio.org\/wp-content\/uploads\/2019\/12\/IMG-20191220-WA0015-225x300.jpg\" width=\"300\"><\/a><\/div>\n<div><\/div>\n<div>Por todos estos motivos, se plante\u00f3 dar m\u00e1s utilidad a su trabajo, no solo explicando los derechos humanos, sino haciendo una peque\u00f1a aportaci\u00f3n a los ni\u00f1os que viven en el CRAE de Vila-seca, utilizando como intermediaria a nuestra fundaci\u00f3n. Su objetivo era hacer una recaudaci\u00f3n y utilizar el dinero obtenido para ayudar a que estos ni\u00f1os tuvieran un regalo por Navidad. Tal como dice Lidia en su trabajo:\u00bbNing\u00fan ni\u00f1o sin Navidad\u00bb. La recaudaci\u00f3n fue un rotundo \u00e9xito, llegando a la cantidad de 248\u20ac. Este dinero se ha conseguido recoger por medio de un sorteo de una cesta de Navidad, que conten\u00eda productos de varios centros que han querido ayudar y colaborar con su investigaci\u00f3n, y tuvo muy buena acogida entre sus propios familiares, amigos, clientes de los establecimientos colaboradores, as\u00ed como por parte del profesorado del Institut Vila-seca (de hecho, la ganadora de la cesta es una profesora del propio instituto).&nbsp;<o:p><\/o:p><\/div>\n<div><\/div>\n<div style=\"clear: both; text-align: center;\"><a href=\"http:\/\/fundacionmargaritabocio.org\/wp-content\/uploads\/2019\/12\/PHOTO-2019-10-14-20-14-59.jpg\" style=\"margin-left: 1em; margin-right: 1em;\"><img loading=\"lazy\" decoding=\"async\" border=\"0\" data-original-height=\"1600\" data-original-width=\"1200\" height=\"400\" src=\"http:\/\/fundacionmargaritabocio.org\/wp-content\/uploads\/2019\/12\/PHOTO-2019-10-14-20-14-59-225x300.jpg\" width=\"300\"><\/a><\/div>\n<div><\/div>\n<div>Con el dinero recaudado, m\u00e1s una aportaci\u00f3n de nuestra fundaci\u00f3n, Lidia decidi\u00f3 ir a hacer unas compras para conseguir que los diez ni\u00f1os que viven en el CRAE de Vila-seca tuvieran unas fiestas de Navidad m\u00e1s parecidas a las que pueden tener la mayor\u00eda de los ni\u00f1os que tenemos a nuestro alrededor. Los regalos que compr\u00f3 son: pulseras de actividad, un reproductor mp3, unas gafas de sol, una bolsa de deporte y una diana electr\u00f3nica para poder disfrutarla entre todos. A parte de estos regalos , Lidia decidi\u00f3 hacer unos detalles para cada uno de los ni\u00f1os de la casa (unas tazas de Disney) y una planta para alegrar la casa y a los monitores. El \u00faltimo d\u00eda del curso antes de las vacaciones de Navidad se hizo entrega de los regalos a todos los ni\u00f1os de la casa.<o:p><\/o:p><\/div>\n<div><\/div>\n<div style=\"clear: both; text-align: center;\"><a href=\"http:\/\/fundacionmargaritabocio.org\/wp-content\/uploads\/2019\/12\/IMG-20191217-WA0009.jpg\" style=\"margin-left: 1em; margin-right: 1em;\"><img loading=\"lazy\" decoding=\"async\" border=\"0\" data-original-height=\"1600\" data-original-width=\"1200\" height=\"400\" src=\"http:\/\/fundacionmargaritabocio.org\/wp-content\/uploads\/2019\/12\/IMG-20191217-WA0009-225x300.jpg\" width=\"300\"><\/a><\/div>\n<div><\/div>\n<div>A la entrega asistimos Lidia Bouso\u00f1o, como autora del trabajo, S\u00f2nia Verde como tutora del mismo y Javier del R\u00edo representando a la Fundaci\u00f3n Margarita Bocio. Poder ver las cara de ilusi\u00f3n y satisfacci\u00f3n en las caras de los ni\u00f1os, hace que este trabajo sea algo m\u00e1s que un simple \u00abtreball de recerca\u00bb, as\u00ed que desde la fundaci\u00f3n queremos agradecer la idea y el trabajo que ha hecho Lidia y como se ha podido representar en forma de alegr\u00eda para estos ni\u00f1os. Esperamos que el pr\u00f3ximo mes de enero concluya con \u00e9xito su trabajo en la defensa que tiene que realizar Lidia frente a un tribunal de profesores del instituto, pero el hecho de haber podido hacer esta peque\u00f1a (o no tan peque\u00f1a) aportaci\u00f3n hace que su trabajo ya merezca nuestro reconocimiento.<o:p><\/o:p><\/div>\n<div><\/div>\n<div style=\"clear: both; text-align: center;\"><a href=\"http:\/\/fundacionmargaritabocio.org\/wp-content\/uploads\/2019\/12\/IMG-20191220-WA0018.jpg\" style=\"margin-left: 1em; margin-right: 1em;\"><img loading=\"lazy\" decoding=\"async\" border=\"0\" data-original-height=\"1200\" data-original-width=\"1600\" height=\"300\" src=\"http:\/\/fundacionmargaritabocio.org\/wp-content\/uploads\/2019\/12\/IMG-20191220-WA0018-300x225.jpg\" width=\"400\"><\/a><\/div>\n<div style=\"clear: both; text-align: center;\"><a href=\"http:\/\/fundacionmargaritabocio.org\/wp-content\/uploads\/2019\/12\/IMG-20191220-WA0025.jpg\" style=\"margin-left: 1em; margin-right: 1em;\"><img loading=\"lazy\" decoding=\"async\" border=\"0\" data-original-height=\"1200\" data-original-width=\"1600\" height=\"300\" src=\"http:\/\/fundacionmargaritabocio.org\/wp-content\/uploads\/2019\/12\/IMG-20191220-WA0025-300x225.jpg\" width=\"400\"><\/a><\/div>\n<div><\/div>\n<div>\u00a1Mucha suerte y enhorabuena Lidia!<o:p><\/o:p><\/div>\n","protected":false},"excerpt":{"rendered":"<p>Durante el curso 2019-20 una alumna del Institut Vila-seca, Lidia Bouso\u00f1o, ha querido aumentar el valor de la realizaci\u00f3n de su \u00abtreball de recerca\u00bb. Este trabajo consiste en la realizaci\u00f3 de una investigaci\u00f3n sobre un tema, generalmente del inter\u00e9s del propio alumno. Lidia ha querido hacer su trabajo sobre los derechos humanos, i m\u00e1s concretamente [&hellip;]<\/p>\n","protected":false},"author":3,"featured_media":621,"comment_status":"open","ping_status":"open","sticky":false,"template":"","format":"standard","meta":{"footnotes":""},"categories":[39],"tags":[],"class_list":["post-575","post","type-post","status-publish","format-standard","has-post-thumbnail","hentry","category-colaboracion-de-alumnos"],"_links":{"self":[{"href":"https:\/\/fundacionmargaritabocio.org\/es\/wp-json\/wp\/v2\/posts\/575","targetHints":{"allow":["GET"]}}],"collection":[{"href":"https:\/\/fundacionmargaritabocio.org\/es\/wp-json\/wp\/v2\/posts"}],"about":[{"href":"https:\/\/fundacionmargaritabocio.org\/es\/wp-json\/wp\/v2\/types\/post"}],"author":[{"embeddable":true,"href":"https:\/\/fundacionmargaritabocio.org\/es\/wp-json\/wp\/v2\/users\/3"}],"replies":[{"embeddable":true,"href":"https:\/\/fundacionmargaritabocio.org\/es\/wp-json\/wp\/v2\/comments?post=575"}],"version-history":[{"count":2,"href":"https:\/\/fundacionmargaritabocio.org\/es\/wp-json\/wp\/v2\/posts\/575\/revisions"}],"predecessor-version":[{"id":1753,"href":"https:\/\/fundacionmargaritabocio.org\/es\/wp-json\/wp\/v2\/posts\/575\/revisions\/1753"}],"wp:featuredmedia":[{"embeddable":true,"href":"https:\/\/fundacionmargaritabocio.org\/es\/wp-json\/wp\/v2\/media\/621"}],"wp:attachment":[{"href":"https:\/\/fundacionmargaritabocio.org\/es\/wp-json\/wp\/v2\/media?parent=575"}],"wp:term":[{"taxonomy":"category","embeddable":true,"href":"https:\/\/fundacionmargaritabocio.org\/es\/wp-json\/wp\/v2\/categories?post=575"},{"taxonomy":"post_tag","embeddable":true,"href":"https:\/\/fundacionmargaritabocio.org\/es\/wp-json\/wp\/v2\/tags?post=575"}],"curies":[{"name":"wp","href":"https:\/\/api.w.org\/{rel}","templated":true}]}}