{"id":578,"date":"2019-05-17T23:59:00","date_gmt":"2019-05-17T22:59:00","guid":{"rendered":""},"modified":"2021-04-03T23:09:32","modified_gmt":"2021-04-03T22:09:32","slug":"inauguracion-del-aula-multisensorial-margarita-bocio","status":"publish","type":"post","link":"https:\/\/fundacionmargaritabocio.org\/es\/inauguracion-del-aula-multisensorial-margarita-bocio\/","title":{"rendered":"Inauguraci\u00f3n del Aula Multisensorial Margarita Bocio"},"content":{"rendered":"<p>La semana pasada se inaugur\u00f3 el aula multisensorial Margarita Bocio en el colegio Doctor Alberich i Casas de Reus.<\/p>\n<div style=\"clear: both; text-align: center;\"><a style=\"margin-left: 1em; margin-right: 1em;\" href=\"http:\/\/fundacionmargaritabocio.org\/wp-content\/uploads\/2019\/05\/IMG-20190506-WA0000.jpg\"><img loading=\"lazy\" decoding=\"async\" src=\"http:\/\/fundacionmargaritabocio.org\/wp-content\/uploads\/2019\/05\/IMG-20190506-WA0000-225x300.jpg\" width=\"300\" height=\"400\" border=\"0\" data-original-height=\"1600\" data-original-width=\"1200\"><\/a><\/div>\n<p>Esta aula de estimulaci\u00f3n sensorial tiene como objetivo que los ni\u00f1os puedan estar expuestos a est\u00edmulos controlados para adquirir aprendizajes por medio del descubrimiento y desarrollar el m\u00e1ximo potencial de sus capacidades escolares, socials i intelectuales.<\/p>\n<div style=\"clear: both; text-align: center;\"><a style=\"margin-left: 1em; margin-right: 1em;\" href=\"http:\/\/fundacionmargaritabocio.org\/wp-content\/uploads\/2019\/05\/IMG-20190506-WA0004.jpg\"><img loading=\"lazy\" decoding=\"async\" src=\"http:\/\/fundacionmargaritabocio.org\/wp-content\/uploads\/2019\/05\/IMG-20190506-WA0004-225x300.jpg\" width=\"300\" height=\"400\" border=\"0\" data-original-height=\"1600\" data-original-width=\"1200\"><\/a><\/div>\n<p>El aula lleva el nombre de Margarita Bocio puesto que hemos colaborado en su construcci\u00f3n.<\/p>\n<div style=\"clear: both; text-align: center;\"><a style=\"margin-left: 1em; margin-right: 1em;\" href=\"http:\/\/fundacionmargaritabocio.org\/wp-content\/uploads\/2019\/05\/IMG-20190506-WA0005.jpg\"><img loading=\"lazy\" decoding=\"async\" src=\"http:\/\/fundacionmargaritabocio.org\/wp-content\/uploads\/2019\/05\/IMG-20190506-WA0005-225x300.jpg\" width=\"300\" height=\"400\" border=\"0\" data-original-height=\"1600\" data-original-width=\"1200\"><\/a><\/div>\n<div style=\"clear: both; text-align: center;\"><\/div>\n<p>Os adjuntamos el link de la <a href=\"http:\/\/www.canalreustv.cat\/noticies\/lescola-alberich-i-casas-estrena-laula-multisensorial\">noticia<\/a> y la noticia que se public\u00f3.<\/p>\n<div style=\"clear: both; text-align: center;\"><a style=\"margin-left: 1em; margin-right: 1em;\" href=\"http:\/\/fundacionmargaritabocio.org\/wp-content\/uploads\/2019\/05\/IMG-20190507-WA0000.jpg\"><img loading=\"lazy\" decoding=\"async\" src=\"http:\/\/fundacionmargaritabocio.org\/wp-content\/uploads\/2019\/05\/IMG-20190507-WA0000-169x300.jpg\" width=\"225\" height=\"400\" border=\"0\" data-original-height=\"1600\" data-original-width=\"901\"><\/a><\/div>\n<p>Muchas gracias por hacerlo posible!!<\/p>\n","protected":false},"excerpt":{"rendered":"<p>La semana pasada se inaugur\u00f3 el aula multisensorial Margarita Bocio en el colegio Doctor Alberich i Casas de Reus. Esta aula de estimulaci\u00f3n sensorial tiene como objetivo que los ni\u00f1os puedan estar expuestos a est\u00edmulos controlados para adquirir aprendizajes por medio del descubrimiento y desarrollar el m\u00e1ximo potencial de sus capacidades escolares, socials i intelectuales. [&hellip;]<\/p>\n","protected":false},"author":3,"featured_media":632,"comment_status":"open","ping_status":"open","sticky":false,"template":"","format":"standard","meta":{"footnotes":""},"categories":[31,30,28],"tags":[],"class_list":["post-578","post","type-post","status-publish","format-standard","has-post-thumbnail","hentry","category-agradecimientos","category-ayudas","category-prensa"],"_links":{"self":[{"href":"https:\/\/fundacionmargaritabocio.org\/es\/wp-json\/wp\/v2\/posts\/578","targetHints":{"allow":["GET"]}}],"collection":[{"href":"https:\/\/fundacionmargaritabocio.org\/es\/wp-json\/wp\/v2\/posts"}],"about":[{"href":"https:\/\/fundacionmargaritabocio.org\/es\/wp-json\/wp\/v2\/types\/post"}],"author":[{"embeddable":true,"href":"https:\/\/fundacionmargaritabocio.org\/es\/wp-json\/wp\/v2\/users\/3"}],"replies":[{"embeddable":true,"href":"https:\/\/fundacionmargaritabocio.org\/es\/wp-json\/wp\/v2\/comments?post=578"}],"version-history":[{"count":3,"href":"https:\/\/fundacionmargaritabocio.org\/es\/wp-json\/wp\/v2\/posts\/578\/revisions"}],"predecessor-version":[{"id":1749,"href":"https:\/\/fundacionmargaritabocio.org\/es\/wp-json\/wp\/v2\/posts\/578\/revisions\/1749"}],"wp:featuredmedia":[{"embeddable":true,"href":"https:\/\/fundacionmargaritabocio.org\/es\/wp-json\/wp\/v2\/media\/632"}],"wp:attachment":[{"href":"https:\/\/fundacionmargaritabocio.org\/es\/wp-json\/wp\/v2\/media?parent=578"}],"wp:term":[{"taxonomy":"category","embeddable":true,"href":"https:\/\/fundacionmargaritabocio.org\/es\/wp-json\/wp\/v2\/categories?post=578"},{"taxonomy":"post_tag","embeddable":true,"href":"https:\/\/fundacionmargaritabocio.org\/es\/wp-json\/wp\/v2\/tags?post=578"}],"curies":[{"name":"wp","href":"https:\/\/api.w.org\/{rel}","templated":true}]}}