{"id":583,"date":"2017-08-30T22:49:00","date_gmt":"2017-08-30T21:49:00","guid":{"rendered":""},"modified":"2021-04-03T23:08:07","modified_gmt":"2021-04-03T22:08:07","slug":"mas-de-192-000-e-en-ayudas","status":"publish","type":"post","link":"https:\/\/fundacionmargaritabocio.org\/es\/mas-de-192-000-e-en-ayudas\/","title":{"rendered":"\u00a1M\u00e1s de 192.000 \u20ac en ayudas!"},"content":{"rendered":"<div style=\"text-align: justify;\">\n<div><span lang=\"ES-TRAD\" style=\"font-family: &quot;arial&quot; , sans-serif; font-size: 11.0pt;\">Desde la creaci\u00f3n de la Fundaci\u00f3n en 2011 ya llevamos gastados <b>192.893 \u20ac<\/b> en ayudas. En lo que llevamos de 2017 hemos colaborado con <b>24.283 \u20ac<\/b> con diferentes causas:<o:p><\/o:p><\/span><\/div>\n<div><span lang=\"ES-TRAD\" style=\"font-family: &quot;arial&quot; , sans-serif; font-size: 11.0pt;\"><br \/>\n<\/span><\/div>\n<div style=\"margin-left: 36pt; text-indent: -18pt;\"><!--[if !supportLists]--><span lang=\"ES-TRAD\" style=\"font-family: &quot;symbol&quot;; font-size: 11.0pt;\">\u00b7<span style=\"font-family: &quot;times new roman&quot;; font-size: 7pt; font-stretch: normal; line-height: normal;\">&nbsp; &nbsp; &nbsp;<\/span><\/span><!--[endif]--><span lang=\"ES-TRAD\" style=\"font-family: &quot;arial&quot; , sans-serif; font-size: 11.0pt;\">Colaborando con casi 4.000 \u20ac con la <i>Fundaci\u00f3 Moss\u00e8n Frederic Bara Cortiella<\/i> de <b>Reus<\/b> para ayudarles con los gastos de un casal de verano y colaborando con ellos en los gastos semanales para poder acoger a los ni\u00f1os que est\u00e1n por la calle por las tardes y darles cobijo y ayuda. <o:p><\/o:p><\/span><\/div>\n<div style=\"margin-left: 36pt; text-indent: -18pt;\"><span lang=\"ES-TRAD\" style=\"font-family: &quot;arial&quot; , sans-serif; font-size: 11.0pt;\"><br \/>\n<\/span><\/div>\n<div style=\"margin-left: 36pt; text-indent: -18pt;\"><!--[if !supportLists]--><span lang=\"ES-TRAD\" style=\"font-family: &quot;symbol&quot;; font-size: 11.0pt;\">\u00b7<span style=\"font-family: &quot;times new roman&quot;; font-size: 7pt; font-stretch: normal; line-height: normal;\">&nbsp; &nbsp; &nbsp; <\/span><\/span><span lang=\"ES-TRAD\" style=\"font-family: &quot;arial&quot; , sans-serif; font-size: 11.0pt;\">Colaborando con casi 13.000 \u20ac con diferentes colegios e institutos en el pago de deudas de comedor y en la compra de libros y material escolar para ni\u00f1os de familias con graves problemas econ\u00f3micos. Hemos colaborado con m\u00e1s de 13 centros como el instituto <i>Sant Pere i Sant Pau<\/i> y el colegio <i>C\u00e8sar August<\/i> de <b>Tarragona<\/b>, los colegios <i>Antoni Roig, L\u2019Antina <\/i>y <i>Mol\u00ed de Vent<\/i> de <b>Torredembarra<\/b>, los colegios <i>Rubi\u00f3 i Ors<\/i>, <i>Arce<\/i>, <i>Miseric\u00f2rdia<\/i> y <i>General Prim<\/i> y el instituto <i>Roseta Mauri<\/i> de <b>Reus<\/b>, el colegio <i>Les Eres Creixell<\/i> de <b>Creixell<\/b>, el colegio <i>Josep Veciana<\/i> de <b>Perafort<\/b>, el colegio <i>Salvador Espriu<\/i> de <b>Roda de Bar\u00e0<\/b>\u2026<o:p><\/o:p><\/span><\/div>\n<div style=\"margin-left: 36pt; text-indent: -18pt;\"><span lang=\"ES-TRAD\" style=\"font-family: &quot;symbol&quot;; font-size: 11.0pt;\"><br \/>\n<\/span><\/div>\n<div style=\"margin-left: 36pt; text-indent: -18pt;\"><!--[if !supportLists]--><span lang=\"ES-TRAD\" style=\"font-family: &quot;symbol&quot;; font-size: 11.0pt;\">\u00b7<span style=\"font-family: &quot;times new roman&quot;; font-size: 7pt; font-stretch: normal; line-height: normal;\">&nbsp; &nbsp; &nbsp;&nbsp;<\/span><\/span><!--[endif]--><span lang=\"ES-TRAD\" style=\"font-family: &quot;arial&quot; , sans-serif; font-size: 11.0pt;\">Colaborando con algo m\u00e1s de 3.000 \u20ac con el colegio <i>Vora Mar<\/i>de <b>Salou<\/b> para que los ni\u00f1os de la USEE puedan disfrutar de un proyecto con perros adiestrados que les permite expresar y recibir sentimientos y emociones sin miedo al rechazo y les permite motivarse m\u00e1s para realizar actividades de aprendizaje con la ayuda de los perros.<o:p><\/o:p><\/span><\/div>\n<div style=\"margin-left: 36pt; text-indent: -18pt;\"><span lang=\"ES-TRAD\" style=\"font-family: &quot;arial&quot; , sans-serif; font-size: 11.0pt;\"><br \/>\n<\/span><\/div>\n<div style=\"clear: both; text-align: center;\"><a href=\"http:\/\/fundacionmargaritabocio.org\/wp-content\/uploads\/2017\/08\/20160425_152508.jpg\" style=\"margin-left: 1em; margin-right: 1em;\"><img loading=\"lazy\" decoding=\"async\" border=\"0\" data-original-height=\"900\" data-original-width=\"1600\" height=\"225\" src=\"http:\/\/fundacionmargaritabocio.org\/wp-content\/uploads\/2017\/08\/20160425_152508-300x169.jpg\" width=\"400\"><\/a><\/div>\n<div style=\"margin-left: 36pt; text-indent: -18pt;\"><\/div>\n<div style=\"margin-left: 36pt; text-indent: -18pt;\"><!--[if !supportLists]--><span lang=\"ES-TRAD\" style=\"font-family: &quot;symbol&quot;; font-size: 11.0pt;\">\u00b7<span style=\"font-family: &quot;times new roman&quot;; font-size: 7pt; font-stretch: normal; line-height: normal;\">&nbsp; &nbsp;<\/span><\/span><span lang=\"ES-TRAD\" style=\"font-family: &quot;arial&quot; , sans-serif; font-size: 11.0pt;\">Colaborando con m\u00e1s de 4.000 \u20ac en la compra de pollos y huevos que se reparten a trav\u00e9s de <i>C\u00e0ritas de Sant Joan<\/i> de <b>Reus<\/b> para que los ni\u00f1os de las familias que se alimentan exclusivamente de los bancos de alimentos puedan comer prote\u00ednas semanalmente.<o:p><\/o:p><\/span><\/div>\n<div><\/div>\n<div><span lang=\"ES-TRAD\" style=\"font-family: &quot;arial&quot; , sans-serif; font-size: 11.0pt;\">Si quer\u00e9is colaborar con nosotros pod\u00e9is hacerlo a trav\u00e9s de la p\u00e1gina web: <\/span><span lang=\"CA\"><a href=\"http:\/\/www.fundacionmargaritabocio.org\/\"><span lang=\"ES-TRAD\" style=\"font-family: &quot;arial&quot; , sans-serif; font-size: 11.0pt;\">http:\/\/www.fundacionmargaritabocio.org\/<\/span><\/a><\/span><span lang=\"ES-TRAD\" style=\"font-family: &quot;arial&quot; , sans-serif; font-size: 11.0pt;\"><o:p><\/o:p><\/span><\/div>\n<div><\/div>\n<div><span lang=\"ES-TRAD\" style=\"font-family: &quot;arial&quot; , sans-serif; font-size: 11.0pt;\">\u00a1Gracias a todos por hacerlo posible!<o:p><\/o:p><\/span><\/div>\n<\/div>\n","protected":false},"excerpt":{"rendered":"<p>Desde la creaci\u00f3n de la Fundaci\u00f3n en 2011 ya llevamos gastados 192.893 \u20ac en ayudas. En lo que llevamos de 2017 hemos colaborado con 24.283 \u20ac con diferentes causas: \u00b7&nbsp; &nbsp; &nbsp;Colaborando con casi 4.000 \u20ac con la Fundaci\u00f3 Moss\u00e8n Frederic Bara Cortiella de Reus para ayudarles con los gastos de un casal de verano [&hellip;]<\/p>\n","protected":false},"author":3,"featured_media":645,"comment_status":"open","ping_status":"open","sticky":false,"template":"","format":"standard","meta":{"footnotes":""},"categories":[30],"tags":[],"class_list":["post-583","post","type-post","status-publish","format-standard","has-post-thumbnail","hentry","category-ayudas"],"_links":{"self":[{"href":"https:\/\/fundacionmargaritabocio.org\/es\/wp-json\/wp\/v2\/posts\/583","targetHints":{"allow":["GET"]}}],"collection":[{"href":"https:\/\/fundacionmargaritabocio.org\/es\/wp-json\/wp\/v2\/posts"}],"about":[{"href":"https:\/\/fundacionmargaritabocio.org\/es\/wp-json\/wp\/v2\/types\/post"}],"author":[{"embeddable":true,"href":"https:\/\/fundacionmargaritabocio.org\/es\/wp-json\/wp\/v2\/users\/3"}],"replies":[{"embeddable":true,"href":"https:\/\/fundacionmargaritabocio.org\/es\/wp-json\/wp\/v2\/comments?post=583"}],"version-history":[{"count":2,"href":"https:\/\/fundacionmargaritabocio.org\/es\/wp-json\/wp\/v2\/posts\/583\/revisions"}],"predecessor-version":[{"id":1745,"href":"https:\/\/fundacionmargaritabocio.org\/es\/wp-json\/wp\/v2\/posts\/583\/revisions\/1745"}],"wp:featuredmedia":[{"embeddable":true,"href":"https:\/\/fundacionmargaritabocio.org\/es\/wp-json\/wp\/v2\/media\/645"}],"wp:attachment":[{"href":"https:\/\/fundacionmargaritabocio.org\/es\/wp-json\/wp\/v2\/media?parent=583"}],"wp:term":[{"taxonomy":"category","embeddable":true,"href":"https:\/\/fundacionmargaritabocio.org\/es\/wp-json\/wp\/v2\/categories?post=583"},{"taxonomy":"post_tag","embeddable":true,"href":"https:\/\/fundacionmargaritabocio.org\/es\/wp-json\/wp\/v2\/tags?post=583"}],"curies":[{"name":"wp","href":"https:\/\/api.w.org\/{rel}","templated":true}]}}