{"id":599,"date":"2014-03-31T21:42:00","date_gmt":"2014-03-31T20:42:00","guid":{"rendered":"http:\/\/fundacionmargaritabocio.org\/seguimos-ayudando\/"},"modified":"2021-04-03T22:51:51","modified_gmt":"2021-04-03T21:51:51","slug":"seguimos-ayudando","status":"publish","type":"post","link":"https:\/\/fundacionmargaritabocio.org\/es\/seguimos-ayudando\/","title":{"rendered":"Seguimos ayudando&#8230;"},"content":{"rendered":"<div>\u00daltimas ayudas de La Fundaci\u00f3n Margarita Bocio:<o:p><\/o:p><\/div>\n<div><\/div>\n<div style=\"margin-left: 36.0pt; mso-list: l0 level1 lfo1; tab-stops: list 36.0pt; text-indent: -18.0pt;\"><!--[if !supportLists]-->&#8211;<span style=\"font-size: 7pt;\">&nbsp; &nbsp; &nbsp; &nbsp;<\/span><!--[endif]-->Hemos ayudado a adquirir libros y material escolar a 58 ni\u00f1os de &nbsp;31 familias con precariedad socioecon\u00f3mica y laboral del <b>Colegio Misericordia de Reus<\/b>: <b>2000\u20ac<\/b><o:p><\/o:p><\/div>\n<div style=\"margin-left: 18.0pt;\"><\/div>\n<div style=\"margin-left: 36.0pt; mso-list: l0 level1 lfo1; tab-stops: list 36.0pt; text-indent: -18.0pt;\"><!--[if !supportLists]-->&#8211;<span style=\"font-size: 7pt;\">&nbsp; &nbsp; &nbsp; &nbsp;<\/span><!--[endif]-->Hemos colaborado con <b>C\u00e1ritas Interparroquial de Reus<\/b> ayudando a una familia a pagar los libros y el material escolar de dos de sus hijos: <b>400\u20ac<\/b><o:p><\/o:p><\/div>\n<div><\/div>\n<div style=\"margin-left: 36.0pt; mso-list: l0 level1 lfo1; tab-stops: list 36.0pt; text-indent: -18.0pt;\"><!--[if !supportLists]-->&#8211;<span style=\"font-size: 7pt;\">&nbsp; &nbsp; &nbsp; &nbsp;<\/span><!--[endif]-->Hemos colaborado con la <b>Fundaci\u00f3n Moss\u00e8n Frederic Bara Cortiella de Reus<\/b> &nbsp;con material para su Centro Abierto (atiende a unos 65 ni\u00f1os) y con algunos de los gastos del Casal del pr\u00f3ximo verano al que asistir\u00e1n unos 50 ni\u00f1os sin recursos: <b>2120\u20ac<\/b><o:p><\/o:p><\/div>\n<div><\/div>\n<div style=\"margin-left: 36.0pt; mso-list: l0 level1 lfo1; tab-stops: list 36.0pt; text-indent: -18.0pt;\"><!--[if !supportLists]-->&#8211;<span style=\"font-size: 7pt;\">&nbsp; &nbsp; &nbsp; &nbsp;<\/span><!--[endif]-->Hemos atendido a una petici\u00f3n del <b>EAP de Tarragona<\/b>per comprar los libros a una alumna de 2n de BAT sin recursos.<o:p><\/o:p><\/div>\n<div><\/div>\n<div>Con vuestra colaboraci\u00f3n esperamos poder seguir poniendo nuestro granito de arena, \u00a1muchas gracias!<o:p><\/o:p><\/div>\n<div><o:p>&nbsp;<\/o:p><span style=\"text-align: center;\">&nbsp;<\/span><\/div>\n<div>\n<div style=\"clear: both; text-align: center;\"><a href=\"http:\/\/2.bp.blogspot.com\/-94b3us8f3fc\/UznUKhVT2wI\/AAAAAAAAAJw\/chFG7sK_rXc\/s1600\/Frederic+bara.png\" style=\"margin-left: 1em; margin-right: 1em;\"><img decoding=\"async\" border=\"0\" src=\"http:\/\/2.bp.blogspot.com\/-94b3us8f3fc\/UznUKhVT2wI\/AAAAAAAAAJw\/chFG7sK_rXc\/s1600\/Frederic+bara.png\"><\/a><a href=\"http:\/\/2.bp.blogspot.com\/-Ain-4l2SlRM\/UznUJyy_MnI\/AAAAAAAAAJo\/8CVCj3l-Q7Y\/s1600\/caritas.png\" style=\"margin-left: 1em; margin-right: 1em;\"><img decoding=\"async\" border=\"0\" src=\"http:\/\/2.bp.blogspot.com\/-Ain-4l2SlRM\/UznUJyy_MnI\/AAAAAAAAAJo\/8CVCj3l-Q7Y\/s1600\/caritas.png\"><\/a><\/div>\n<\/div>\n<div><\/div>\n<div><\/div>\n<div><\/div>\n","protected":false},"excerpt":{"rendered":"<p>\u00daltimas ayudas de La Fundaci\u00f3n Margarita Bocio: &#8211;&nbsp; &nbsp; &nbsp; &nbsp;Hemos ayudado a adquirir libros y material escolar a 58 ni\u00f1os de &nbsp;31 familias con precariedad socioecon\u00f3mica y laboral del Colegio Misericordia de Reus: 2000\u20ac &#8211;&nbsp; &nbsp; &nbsp; &nbsp;Hemos colaborado con C\u00e1ritas Interparroquial de Reus ayudando a una familia a pagar los libros y el [&hellip;]<\/p>\n","protected":false},"author":3,"featured_media":1610,"comment_status":"open","ping_status":"open","sticky":false,"template":"","format":"standard","meta":{"footnotes":""},"categories":[30],"tags":[],"class_list":["post-599","post","type-post","status-publish","format-standard","has-post-thumbnail","hentry","category-ayudas"],"_links":{"self":[{"href":"https:\/\/fundacionmargaritabocio.org\/es\/wp-json\/wp\/v2\/posts\/599","targetHints":{"allow":["GET"]}}],"collection":[{"href":"https:\/\/fundacionmargaritabocio.org\/es\/wp-json\/wp\/v2\/posts"}],"about":[{"href":"https:\/\/fundacionmargaritabocio.org\/es\/wp-json\/wp\/v2\/types\/post"}],"author":[{"embeddable":true,"href":"https:\/\/fundacionmargaritabocio.org\/es\/wp-json\/wp\/v2\/users\/3"}],"replies":[{"embeddable":true,"href":"https:\/\/fundacionmargaritabocio.org\/es\/wp-json\/wp\/v2\/comments?post=599"}],"version-history":[{"count":1,"href":"https:\/\/fundacionmargaritabocio.org\/es\/wp-json\/wp\/v2\/posts\/599\/revisions"}],"predecessor-version":[{"id":1612,"href":"https:\/\/fundacionmargaritabocio.org\/es\/wp-json\/wp\/v2\/posts\/599\/revisions\/1612"}],"wp:featuredmedia":[{"embeddable":true,"href":"https:\/\/fundacionmargaritabocio.org\/es\/wp-json\/wp\/v2\/media\/1610"}],"wp:attachment":[{"href":"https:\/\/fundacionmargaritabocio.org\/es\/wp-json\/wp\/v2\/media?parent=599"}],"wp:term":[{"taxonomy":"category","embeddable":true,"href":"https:\/\/fundacionmargaritabocio.org\/es\/wp-json\/wp\/v2\/categories?post=599"},{"taxonomy":"post_tag","embeddable":true,"href":"https:\/\/fundacionmargaritabocio.org\/es\/wp-json\/wp\/v2\/tags?post=599"}],"curies":[{"name":"wp","href":"https:\/\/api.w.org\/{rel}","templated":true}]}}