{"id":600,"date":"2013-12-24T11:30:00","date_gmt":"2013-12-24T10:30:00","guid":{"rendered":"http:\/\/fundacionmargaritabocio.org\/por-navidad-un-poco-mas-de-solidaridad\/"},"modified":"2021-04-03T22:51:25","modified_gmt":"2021-04-03T21:51:25","slug":"por-navidad-un-poco-mas-de-solidaridad","status":"publish","type":"post","link":"https:\/\/fundacionmargaritabocio.org\/es\/por-navidad-un-poco-mas-de-solidaridad\/","title":{"rendered":"Por Navidad un poco m\u00e1s de solidaridad"},"content":{"rendered":"<p><span style=\"background-color: white; color: #333333; font-family: inherit; line-height: 18px;\">Hemos donado un<b> lote extra de Navidad<\/b> para repartir a trav\u00e9s de C\u00e1ritas Parroquial de Sant Joan de Reus: 140 mitades de pollo y 60 docenas de huevos. El mismo lote se repartir\u00e1 para fin de a\u00f1o.<\/span><br \/>\n<span style=\"background-color: white; color: #333333; font-family: 'lucida grande', tahoma, verdana, arial, sans-serif; font-size: 13px; line-height: 18px;\"><br \/>\n<\/span><\/p>\n<div style=\"clear: both; text-align: center;\"><a href=\"http:\/\/4.bp.blogspot.com\/-Cp-JEyOACXo\/UrlhPYGk16I\/AAAAAAAAAJA\/QOKxC3iihdo\/s1600\/IMG-20131220-WA0001.jpg\" style=\"margin-left: 1em; margin-right: 1em;\"><img loading=\"lazy\" decoding=\"async\" border=\"0\" height=\"300\" src=\"http:\/\/4.bp.blogspot.com\/-Cp-JEyOACXo\/UrlhPYGk16I\/AAAAAAAAAJA\/QOKxC3iihdo\/s400\/IMG-20131220-WA0001.jpg\" width=\"400\"><\/a><\/div>\n<p><span style=\"background-color: white; color: #333333; font-family: 'lucida grande', tahoma, verdana, arial, sans-serif; font-size: 13px; line-height: 18px;\"><br \/>\n<\/span><span style=\"font-family: inherit;\"><span style=\"background-color: white; color: #333333; line-height: 18px;\"><br \/>\n<\/span><span style=\"color: #333333;\"><span style=\"line-height: 18px;\">Desde el <b>Colegio Rubi\u00f3 i Ors de Reus<\/b> nos han mostrado su agradecimiento con la entrega de un obsequio mientras unos alumnos formaban&nbsp;la frase \u00abGracias a la Fundaci\u00f3n Margarita Bocio\u00bb. Fue un acto muy bonito, \u00a1muchas gracias a vosotros!<\/span><\/span><\/span><br \/>\n<span style=\"color: #333333; font-family: lucida grande, tahoma, verdana, arial, sans-serif; font-size: x-small;\"><span style=\"line-height: 18px;\"><br \/>\n<\/span><\/span><\/p>\n<div style=\"clear: both; text-align: left;\"><a href=\"http:\/\/1.bp.blogspot.com\/-trCJ2vl-fBI\/UrliBZvHfnI\/AAAAAAAAAJI\/CqMKEafrJ8Y\/s1600\/Agradecimiento+teatro.jpg\" style=\"clear: left; float: left; margin-bottom: 1em; margin-right: 1em;\"><img loading=\"lazy\" decoding=\"async\" border=\"0\" height=\"275\" src=\"http:\/\/1.bp.blogspot.com\/-trCJ2vl-fBI\/UrliBZvHfnI\/AAAAAAAAAJI\/CqMKEafrJ8Y\/s640\/Agradecimiento+teatro.jpg\" width=\"640\"><\/a><\/div>\n<div style=\"clear: both; text-align: center;\"><\/div>\n<div style=\"clear: both; text-align: center;\"><\/div>\n<div style=\"clear: both; text-align: center;\"><a href=\"http:\/\/4.bp.blogspot.com\/-mvUwYWlaDVk\/UrliHW_zH_I\/AAAAAAAAAJQ\/cO8vJcj8374\/s1600\/Agradecimiento+teatro2.jpg\" style=\"margin-left: 1em; margin-right: 1em;\"><img loading=\"lazy\" decoding=\"async\" border=\"0\" height=\"210\" src=\"http:\/\/4.bp.blogspot.com\/-mvUwYWlaDVk\/UrliHW_zH_I\/AAAAAAAAAJQ\/cO8vJcj8374\/s320\/Agradecimiento+teatro2.jpg\" width=\"320\"><\/a><\/div>\n<p><span style=\"color: #333333; font-family: lucida grande, tahoma, verdana, arial, sans-serif; font-size: x-small;\"><span style=\"line-height: 18px;\"><br \/>\n<\/span><\/span><\/p>\n","protected":false},"excerpt":{"rendered":"<p>Hemos donado un lote extra de Navidad para repartir a trav\u00e9s de C\u00e1ritas Parroquial de Sant Joan de Reus: 140 mitades de pollo y 60 docenas de huevos. El mismo lote se repartir\u00e1 para fin de a\u00f1o. Desde el Colegio Rubi\u00f3 i Ors de Reus nos han mostrado su agradecimiento con la entrega de un [&hellip;]<\/p>\n","protected":false},"author":3,"featured_media":1613,"comment_status":"open","ping_status":"open","sticky":false,"template":"","format":"standard","meta":{"footnotes":""},"categories":[31,30],"tags":[],"class_list":["post-600","post","type-post","status-publish","format-standard","has-post-thumbnail","hentry","category-agradecimientos","category-ayudas"],"_links":{"self":[{"href":"https:\/\/fundacionmargaritabocio.org\/es\/wp-json\/wp\/v2\/posts\/600","targetHints":{"allow":["GET"]}}],"collection":[{"href":"https:\/\/fundacionmargaritabocio.org\/es\/wp-json\/wp\/v2\/posts"}],"about":[{"href":"https:\/\/fundacionmargaritabocio.org\/es\/wp-json\/wp\/v2\/types\/post"}],"author":[{"embeddable":true,"href":"https:\/\/fundacionmargaritabocio.org\/es\/wp-json\/wp\/v2\/users\/3"}],"replies":[{"embeddable":true,"href":"https:\/\/fundacionmargaritabocio.org\/es\/wp-json\/wp\/v2\/comments?post=600"}],"version-history":[{"count":1,"href":"https:\/\/fundacionmargaritabocio.org\/es\/wp-json\/wp\/v2\/posts\/600\/revisions"}],"predecessor-version":[{"id":1615,"href":"https:\/\/fundacionmargaritabocio.org\/es\/wp-json\/wp\/v2\/posts\/600\/revisions\/1615"}],"wp:featuredmedia":[{"embeddable":true,"href":"https:\/\/fundacionmargaritabocio.org\/es\/wp-json\/wp\/v2\/media\/1613"}],"wp:attachment":[{"href":"https:\/\/fundacionmargaritabocio.org\/es\/wp-json\/wp\/v2\/media?parent=600"}],"wp:term":[{"taxonomy":"category","embeddable":true,"href":"https:\/\/fundacionmargaritabocio.org\/es\/wp-json\/wp\/v2\/categories?post=600"},{"taxonomy":"post_tag","embeddable":true,"href":"https:\/\/fundacionmargaritabocio.org\/es\/wp-json\/wp\/v2\/tags?post=600"}],"curies":[{"name":"wp","href":"https:\/\/api.w.org\/{rel}","templated":true}]}}