{"id":609,"date":"2012-11-11T21:55:00","date_gmt":"2012-11-11T20:55:00","guid":{"rendered":"http:\/\/fundacionmargaritabocio.org\/colaboracion-con-el-banco-de-alimentos-de-la-sociedad-de-san-vicente-de-paul\/"},"modified":"2021-04-03T22:41:34","modified_gmt":"2021-04-03T21:41:34","slug":"colaboracion-con-el-banco-de-alimentos-de-la-sociedad-de-san-vicente-de-paul","status":"publish","type":"post","link":"https:\/\/fundacionmargaritabocio.org\/es\/colaboracion-con-el-banco-de-alimentos-de-la-sociedad-de-san-vicente-de-paul\/","title":{"rendered":"Colaboraci\u00f3n con el banco de alimentos de la Sociedad de San Vicente de Pa\u00fal"},"content":{"rendered":"<div style=\"text-align: justify;\">Gracias a vuestra ayuda la <b>Fundaci\u00f3n Margarita Bocio<\/b> ha podido colaborar este \u00faltimo mes con el <b>banco de alimentos<\/b> de Reus de la Sociedad de San Vicente de Pa\u00fal. En estos tiempos de crisis hacen falta alimentos y hemos comprado para el banco de alimentos 108 L de leche, 100 kg de az\u00facar y 108 kg de arroz en una primera tanda y en una segunda tanda 108 L m\u00e1s de leche y 108 paquetes de 500 g de macarrones.<\/div>\n<div style=\"clear: both; text-align: center;\"><a href=\"http:\/\/1.bp.blogspot.com\/-5AfA4tlhu_Q\/UKAQXCRGZ3I\/AAAAAAAAAFA\/qbG5MbB_6YA\/s1600\/Fundaci%C3%B3+M.+Bocio,+foto+3.jpg\" style=\"margin-left: 1em; margin-right: 1em;\"><img decoding=\"async\" border=\"0\" src=\"http:\/\/1.bp.blogspot.com\/-5AfA4tlhu_Q\/UKAQXCRGZ3I\/AAAAAAAAAFA\/qbG5MbB_6YA\/s1600\/Fundaci%C3%B3+M.+Bocio,+foto+3.jpg\"><\/a><a href=\"http:\/\/1.bp.blogspot.com\/-Slaie2xwEq0\/UKAQZMu6OII\/AAAAAAAAAFI\/6GfZZKizX6s\/s1600\/Fundaci%C3%B3+M.+Bocio,+foto+2.jpg\" style=\"margin-left: 1em; margin-right: 1em;\"><img decoding=\"async\" border=\"0\" src=\"http:\/\/1.bp.blogspot.com\/-Slaie2xwEq0\/UKAQZMu6OII\/AAAAAAAAAFI\/6GfZZKizX6s\/s1600\/Fundaci%C3%B3+M.+Bocio,+foto+2.jpg\"><\/a><\/div>\n<div style=\"text-align: justify;\">Os adjunto la carta de agradecimiento.<\/div>\n<div style=\"clear: both; text-align: center;\"><\/div>\n<div style=\"clear: both; text-align: center;\"><a href=\"http:\/\/4.bp.blogspot.com\/-3B9fUgtcS6I\/UKAQAoEfS4I\/AAAAAAAAAE4\/rsvhfg9ynOM\/s1600\/Carta+agradecimiento.jpg\" style=\"margin-left: 1em; margin-right: 1em;\"><img loading=\"lazy\" decoding=\"async\" border=\"0\" height=\"400\" src=\"http:\/\/4.bp.blogspot.com\/-3B9fUgtcS6I\/UKAQAoEfS4I\/AAAAAAAAAE4\/rsvhfg9ynOM\/s400\/Carta+agradecimiento.jpg\" width=\"292\"><\/a><\/div>\n<div style=\"clear: both; text-align: center;\"><\/div>\n","protected":false},"excerpt":{"rendered":"<p>Gracias a vuestra ayuda la Fundaci\u00f3n Margarita Bocio ha podido colaborar este \u00faltimo mes con el banco de alimentos de Reus de la Sociedad de San Vicente de Pa\u00fal. En estos tiempos de crisis hacen falta alimentos y hemos comprado para el banco de alimentos 108 L de leche, 100 kg de az\u00facar y 108 [&hellip;]<\/p>\n","protected":false},"author":3,"featured_media":1641,"comment_status":"open","ping_status":"open","sticky":false,"template":"","format":"standard","meta":{"footnotes":""},"categories":[30],"tags":[],"class_list":["post-609","post","type-post","status-publish","format-standard","has-post-thumbnail","hentry","category-ayudas"],"_links":{"self":[{"href":"https:\/\/fundacionmargaritabocio.org\/es\/wp-json\/wp\/v2\/posts\/609","targetHints":{"allow":["GET"]}}],"collection":[{"href":"https:\/\/fundacionmargaritabocio.org\/es\/wp-json\/wp\/v2\/posts"}],"about":[{"href":"https:\/\/fundacionmargaritabocio.org\/es\/wp-json\/wp\/v2\/types\/post"}],"author":[{"embeddable":true,"href":"https:\/\/fundacionmargaritabocio.org\/es\/wp-json\/wp\/v2\/users\/3"}],"replies":[{"embeddable":true,"href":"https:\/\/fundacionmargaritabocio.org\/es\/wp-json\/wp\/v2\/comments?post=609"}],"version-history":[{"count":1,"href":"https:\/\/fundacionmargaritabocio.org\/es\/wp-json\/wp\/v2\/posts\/609\/revisions"}],"predecessor-version":[{"id":1643,"href":"https:\/\/fundacionmargaritabocio.org\/es\/wp-json\/wp\/v2\/posts\/609\/revisions\/1643"}],"wp:featuredmedia":[{"embeddable":true,"href":"https:\/\/fundacionmargaritabocio.org\/es\/wp-json\/wp\/v2\/media\/1641"}],"wp:attachment":[{"href":"https:\/\/fundacionmargaritabocio.org\/es\/wp-json\/wp\/v2\/media?parent=609"}],"wp:term":[{"taxonomy":"category","embeddable":true,"href":"https:\/\/fundacionmargaritabocio.org\/es\/wp-json\/wp\/v2\/categories?post=609"},{"taxonomy":"post_tag","embeddable":true,"href":"https:\/\/fundacionmargaritabocio.org\/es\/wp-json\/wp\/v2\/tags?post=609"}],"curies":[{"name":"wp","href":"https:\/\/api.w.org\/{rel}","templated":true}]}}